{"id":3009,"date":"2025-04-15T01:20:49","date_gmt":"2025-04-15T01:20:49","guid":{"rendered":"https:\/\/test.kdm.consulting\/?p=3009"},"modified":"2025-05-15T02:03:00","modified_gmt":"2025-05-15T02:03:00","slug":"karavan-kulture-i-znanja-2025","status":"publish","type":"post","link":"https:\/\/test.kdm.consulting\/de\/karavan-kulture-i-znanja-2025\/","title":{"rendered":"Karawane der Kultur und des Wissens 2025"},"content":{"rendered":"<p><\/p>\n<p class=\"\" data-start=\"1270\" data-end=\"1578\">Der Serbische Verband in \u00d6sterreich organisierte erfolgreich die ersten drei Veranstaltungen der Karawane der Kultur und des Wissens 2025 in Salzburg, Linz und Graz. Ziel der Initiative ist die F\u00f6rderung von Gemeinschaft, Wissen und kultureller Identit\u00e4t der serbischen Diaspora.<\/p>\n<p class=\"\" data-start=\"1580\" data-end=\"1811\">In <strong data-start=\"1583\" data-end=\"1595\">Salzburg<\/strong> (22.\u201323. M\u00e4rz) fanden Workshops zu Rhetorik, digitalem Marketing und Webdesign statt. Pr\u00e4sentiert wurden auch das humanit\u00e4re Projekt \u201eJeder Serbe ein Euro\u201c sowie die App NIT zur besseren Vernetzung der Gemeinschaft.<\/p>\n<p class=\"\" data-start=\"1813\" data-end=\"2066\"><strong data-start=\"1813\" data-end=\"1821\">Linz<\/strong> (29. M\u00e4rz) war Gastgeber von Sessions \u00fcber K\u00fcnstliche Intelligenz, rechtliche Unterst\u00fctzung und steuerliche Vorteile f\u00fcr Vereine. Ein Treffen mit Vertretern des serbischen Konsulats und lokalen Vereinen betonte die Bedeutung der Zusammenarbeit.<\/p>\n<p class=\"\" data-start=\"2068\" data-end=\"2302\">In <strong data-start=\"2071\" data-end=\"2079\">Graz<\/strong> (5.\u20136. April) lag der Fokus auf praxisnaher Bildung: KI, \u00f6ffentliches Sprechen, rechtliche Aufkl\u00e4rung und Vereinsf\u00f6rderung standen im Mittelpunkt. Durch Treffen mit Community-Vertretern wurden k\u00fcnftige Projekte angesto\u00dfen.<\/p>\n<p class=\"\" data-start=\"2304\" data-end=\"2464\">Die Karawane setzt ihren Weg fort \u2013 als Plattform f\u00fcr Wissenstransfer, Vernetzung und kulturellen Austausch innerhalb der serbischen Gemeinschaft in \u00d6sterreich.<\/p>\n<p><\/p>","protected":false},"excerpt":{"rendered":"<p>Der Serbische Verband in \u00d6sterreich organisierte erfolgreich die ersten drei Veranstaltungen der Karawane der Kultur und des Wissens 2025 in Salzburg, Linz und Graz. Ziel der Initiative ist die F\u00f6rderung von Gemeinschaft, Wissen und kultureller Identit\u00e4t der serbischen Diaspora. In Salzburg (22.\u201323. M\u00e4rz) fanden Workshops zu Rhetorik, digitalem Marketing und Webdesign statt. Pr\u00e4sentiert wurden auch [&hellip;]<\/p>\n","protected":false},"author":1,"featured_media":3010,"comment_status":"open","ping_status":"open","sticky":false,"template":"","format":"standard","meta":{"footnotes":""},"categories":[2],"tags":[],"class_list":["post-3009","post","type-post","status-publish","format-standard","has-post-thumbnail","hentry","category-event"],"_links":{"self":[{"href":"https:\/\/test.kdm.consulting\/de\/wp-json\/wp\/v2\/posts\/3009","targetHints":{"allow":["GET"]}}],"collection":[{"href":"https:\/\/test.kdm.consulting\/de\/wp-json\/wp\/v2\/posts"}],"about":[{"href":"https:\/\/test.kdm.consulting\/de\/wp-json\/wp\/v2\/types\/post"}],"author":[{"embeddable":true,"href":"https:\/\/test.kdm.consulting\/de\/wp-json\/wp\/v2\/users\/1"}],"replies":[{"embeddable":true,"href":"https:\/\/test.kdm.consulting\/de\/wp-json\/wp\/v2\/comments?post=3009"}],"version-history":[{"count":1,"href":"https:\/\/test.kdm.consulting\/de\/wp-json\/wp\/v2\/posts\/3009\/revisions"}],"predecessor-version":[{"id":3011,"href":"https:\/\/test.kdm.consulting\/de\/wp-json\/wp\/v2\/posts\/3009\/revisions\/3011"}],"wp:featuredmedia":[{"embeddable":true,"href":"https:\/\/test.kdm.consulting\/de\/wp-json\/wp\/v2\/media\/3010"}],"wp:attachment":[{"href":"https:\/\/test.kdm.consulting\/de\/wp-json\/wp\/v2\/media?parent=3009"}],"wp:term":[{"taxonomy":"category","embeddable":true,"href":"https:\/\/test.kdm.consulting\/de\/wp-json\/wp\/v2\/categories?post=3009"},{"taxonomy":"post_tag","embeddable":true,"href":"https:\/\/test.kdm.consulting\/de\/wp-json\/wp\/v2\/tags?post=3009"}],"curies":[{"name":"wp","href":"https:\/\/api.w.org\/{rel}","templated":true}]}}